{"id":496,"date":"2021-03-15T14:00:05","date_gmt":"2021-03-15T13:00:05","guid":{"rendered":"https:\/\/www.amplement.com\/blog\/?p=496"},"modified":"2021-03-15T14:00:07","modified_gmt":"2021-03-15T13:00:07","slug":"teletravail-les-francais-sadaptent-et-investissent-dans-le-materiel-adequat","status":"publish","type":"post","link":"https:\/\/www.amplement.com\/blog\/2021\/03\/15\/teletravail-les-francais-sadaptent-et-investissent-dans-le-materiel-adequat\/","title":{"rendered":"T\u00e9l\u00e9travail : les Fran\u00e7ais s&rsquo;adaptent et investissent dans le mat\u00e9riel ad\u00e9quat"},"content":{"rendered":"\n<figure class=\"wp-block-gallery columns-1 is-cropped\"><ul class=\"blocks-gallery-grid\"><li class=\"blocks-gallery-item\"><figure><img loading=\"lazy\" width=\"1024\" height=\"512\" src=\"https:\/\/www.amplement.com\/blog\/wp-content\/uploads\/2021\/03\/pablo.png\" alt=\"\" data-id=\"497\" data-full-url=\"https:\/\/www.amplement.com\/blog\/wp-content\/uploads\/2021\/03\/pablo.png\" data-link=\"https:\/\/www.amplement.com\/blog\/?attachment_id=497\" class=\"wp-image-497\" srcset=\"https:\/\/www.amplement.com\/blog\/wp-content\/uploads\/2021\/03\/pablo.png 1024w, https:\/\/www.amplement.com\/blog\/wp-content\/uploads\/2021\/03\/pablo-300x150.png 300w, https:\/\/www.amplement.com\/blog\/wp-content\/uploads\/2021\/03\/pablo-768x384.png 768w\" sizes=\"(max-width: 1024px) 100vw, 1024px\" \/><\/figure><\/li><\/ul><\/figure>\n\n\n\n<p>Alors que de nombreux secteurs \u00e9conomiques se trouvent la panade en France, le business du t\u00e9l\u00e9travail se porte tr\u00e8s bien. On assiste ainsi \u00e0 une explosion des ventes de mat\u00e9riel de bureau mais aussi des cabanes de jardin. \u00a0<\/p>\n\n\n\n<p>T\u00e9l\u00e9travailler ne faisait pas partie de ses habitudes. Toutefois, comme de nombreux Fran\u00e7ais, Gabriel Allain Dupr\u00e9 a d\u00fb s\u2019adapter \u00e0 ce nouveau mode de travail quasiment g\u00e9n\u00e9ralis\u00e9 depuis le premier confinement. La situation n\u2019est pas toujours ais\u00e9e \u00e0 g\u00e9rer, surtout quand on est plusieurs sous le m\u00eame toit. \u00ab\u00a0<em>Avec les enfants, \u00e7a devenait un petit peu compliqu\u00e9, surtout quand mon fils veut jouer du piano, ce n\u2019est pas possible<\/em>\u00ab\u00a0, raconte-t-il. \u00a0<\/p>\n\n\n\n<h2>Un nouvel espace<\/h2>\n\n\n\n<p>Ainsi, pour pouvoir travailler plus tranquillement, l\u2019int\u00e9ress\u00e9, cadre dans le secteur du num\u00e9rique, a choisi de s\u2019isoler au fond de son jardin, en faisant construire une cabane en bois. \u00ab\u00a0<em>C\u2019\u00e9tait vraiment la solution pour s\u2019isoler et travailler dans le calme<\/em>\u00ab\u00a0, estime-t-il. Son espace de travail, en plus d&rsquo;\u00eatre tr\u00e8s confortable, peut m\u00eame servir de chambre d\u2019ami. Il a tout de m\u00eame d\u00fb d\u00e9penser 20\u00a0000 euros pour faire construire son nouveau bureau et 10\u00a0000 suppl\u00e9mentaires pour l\u2019am\u00e9nager.\u00a0<\/p>\n\n\n\n<p><\/p>\n\n\n\n<p>Source : https:\/\/www.francetvinfo.fr\/economie\/teletravail-les-francais-s-adaptent-et-investissent-dans-le-materiel-adequat_4330821.html<\/p>\n","protected":false},"excerpt":{"rendered":"<p>Alors que de nombreux secteurs \u00e9conomiques se trouvent la panade en France, le business du t\u00e9l\u00e9travail se porte tr\u00e8s bien. On assiste ainsi \u00e0 une explosion des ventes de mat\u00e9riel de bureau mais aussi des cabanes de jardin. \u00a0 T\u00e9l\u00e9travailler ne faisait pas partie de ses habitudes. Toutefois, comme de nombreux Fran\u00e7ais, Gabriel Allain Dupr\u00e9 [&hellip;]<\/p>\n","protected":false},"author":6,"featured_media":0,"comment_status":"closed","ping_status":"open","sticky":false,"template":"","format":"standard","meta":[],"categories":[1],"tags":[],"yoast_head":"<!-- This site is optimized with the Yoast SEO plugin v14.4.1 - https:\/\/yoast.com\/wordpress\/plugins\/seo\/ -->\n<title>T\u00e9l\u00e9travail : les Fran\u00e7ais s&#039;adaptent et investissent dans le mat\u00e9riel ad\u00e9quat - Amplement | Blog<\/title>\n<meta name=\"robots\" content=\"index, follow\" \/>\n<meta name=\"googlebot\" content=\"index, follow, max-snippet:-1, max-image-preview:large, max-video-preview:-1\" \/>\n<meta name=\"bingbot\" content=\"index, follow, max-snippet:-1, max-image-preview:large, max-video-preview:-1\" \/>\n<link rel=\"canonical\" href=\"https:\/\/www.amplement.com\/blog\/2021\/03\/15\/teletravail-les-francais-sadaptent-et-investissent-dans-le-materiel-adequat\/\" \/>\n<meta property=\"og:locale\" content=\"fr_FR\" \/>\n<meta property=\"og:type\" content=\"article\" \/>\n<meta property=\"og:title\" content=\"T\u00e9l\u00e9travail : les Fran\u00e7ais s&#039;adaptent et investissent dans le mat\u00e9riel ad\u00e9quat - Amplement | Blog\" \/>\n<meta property=\"og:description\" content=\"Alors que de nombreux secteurs \u00e9conomiques se trouvent la panade en France, le business du t\u00e9l\u00e9travail se porte tr\u00e8s bien. On assiste ainsi \u00e0 une explosion des ventes de mat\u00e9riel de bureau mais aussi des cabanes de jardin. \u00a0 T\u00e9l\u00e9travailler ne faisait pas partie de ses habitudes. Toutefois, comme de nombreux Fran\u00e7ais, Gabriel Allain Dupr\u00e9 [&hellip;]\" \/>\n<meta property=\"og:url\" content=\"https:\/\/www.amplement.com\/blog\/2021\/03\/15\/teletravail-les-francais-sadaptent-et-investissent-dans-le-materiel-adequat\/\" \/>\n<meta property=\"og:site_name\" content=\"Amplement | Blog\" \/>\n<meta property=\"article:publisher\" content=\"https:\/\/www.facebook.com\/Amplement-120236574653680\/\" \/>\n<meta property=\"article:published_time\" content=\"2021-03-15T13:00:05+00:00\" \/>\n<meta property=\"article:modified_time\" content=\"2021-03-15T13:00:07+00:00\" \/>\n<meta property=\"og:image\" content=\"https:\/\/www.amplement.com\/blog\/wp-content\/uploads\/2021\/03\/pablo.png\" \/>\n<meta name=\"twitter:card\" content=\"summary_large_image\" \/>\n<meta name=\"twitter:creator\" content=\"@amplement\" \/>\n<meta name=\"twitter:site\" content=\"@amplement\" \/>\n<script type=\"application\/ld+json\" class=\"yoast-schema-graph\">{\"@context\":\"https:\/\/schema.org\",\"@graph\":[{\"@type\":\"WebSite\",\"@id\":\"https:\/\/www.amplement.com\/blog\/#website\",\"url\":\"https:\/\/www.amplement.com\/blog\/\",\"name\":\"Amplement | Blog\",\"description\":\"\",\"potentialAction\":[{\"@type\":\"SearchAction\",\"target\":\"https:\/\/www.amplement.com\/blog\/?s={search_term_string}\",\"query-input\":\"required name=search_term_string\"}],\"inLanguage\":\"fr-FR\"},{\"@type\":\"ImageObject\",\"@id\":\"https:\/\/www.amplement.com\/blog\/2021\/03\/15\/teletravail-les-francais-sadaptent-et-investissent-dans-le-materiel-adequat\/#primaryimage\",\"inLanguage\":\"fr-FR\",\"url\":\"https:\/\/www.amplement.com\/blog\/wp-content\/uploads\/2021\/03\/pablo.png\",\"width\":1024,\"height\":512},{\"@type\":\"WebPage\",\"@id\":\"https:\/\/www.amplement.com\/blog\/2021\/03\/15\/teletravail-les-francais-sadaptent-et-investissent-dans-le-materiel-adequat\/#webpage\",\"url\":\"https:\/\/www.amplement.com\/blog\/2021\/03\/15\/teletravail-les-francais-sadaptent-et-investissent-dans-le-materiel-adequat\/\",\"name\":\"T\\u00e9l\\u00e9travail : les Fran\\u00e7ais s'adaptent et investissent dans le mat\\u00e9riel ad\\u00e9quat - Amplement | Blog\",\"isPartOf\":{\"@id\":\"https:\/\/www.amplement.com\/blog\/#website\"},\"primaryImageOfPage\":{\"@id\":\"https:\/\/www.amplement.com\/blog\/2021\/03\/15\/teletravail-les-francais-sadaptent-et-investissent-dans-le-materiel-adequat\/#primaryimage\"},\"datePublished\":\"2021-03-15T13:00:05+00:00\",\"dateModified\":\"2021-03-15T13:00:07+00:00\",\"author\":{\"@id\":\"https:\/\/www.amplement.com\/blog\/#\/schema\/person\/638bc4acd21421b96db1ef92766b9fc7\"},\"inLanguage\":\"fr-FR\",\"potentialAction\":[{\"@type\":\"ReadAction\",\"target\":[\"https:\/\/www.amplement.com\/blog\/2021\/03\/15\/teletravail-les-francais-sadaptent-et-investissent-dans-le-materiel-adequat\/\"]}]},{\"@type\":[\"Person\"],\"@id\":\"https:\/\/www.amplement.com\/blog\/#\/schema\/person\/638bc4acd21421b96db1ef92766b9fc7\",\"name\":\"Victoria Dassetto\",\"image\":{\"@type\":\"ImageObject\",\"@id\":\"https:\/\/www.amplement.com\/blog\/#personlogo\",\"inLanguage\":\"fr-FR\",\"url\":\"https:\/\/secure.gravatar.com\/avatar\/51dbc4782019f018ba17256f9439484a?s=96&d=mm&r=g\",\"caption\":\"Victoria Dassetto\"}}]}<\/script>\n<!-- \/ Yoast SEO plugin. -->","_links":{"self":[{"href":"https:\/\/www.amplement.com\/blog\/wp-json\/wp\/v2\/posts\/496"}],"collection":[{"href":"https:\/\/www.amplement.com\/blog\/wp-json\/wp\/v2\/posts"}],"about":[{"href":"https:\/\/www.amplement.com\/blog\/wp-json\/wp\/v2\/types\/post"}],"author":[{"embeddable":true,"href":"https:\/\/www.amplement.com\/blog\/wp-json\/wp\/v2\/users\/6"}],"replies":[{"embeddable":true,"href":"https:\/\/www.amplement.com\/blog\/wp-json\/wp\/v2\/comments?post=496"}],"version-history":[{"count":1,"href":"https:\/\/www.amplement.com\/blog\/wp-json\/wp\/v2\/posts\/496\/revisions"}],"predecessor-version":[{"id":498,"href":"https:\/\/www.amplement.com\/blog\/wp-json\/wp\/v2\/posts\/496\/revisions\/498"}],"wp:attachment":[{"href":"https:\/\/www.amplement.com\/blog\/wp-json\/wp\/v2\/media?parent=496"}],"wp:term":[{"taxonomy":"category","embeddable":true,"href":"https:\/\/www.amplement.com\/blog\/wp-json\/wp\/v2\/categories?post=496"},{"taxonomy":"post_tag","embeddable":true,"href":"https:\/\/www.amplement.com\/blog\/wp-json\/wp\/v2\/tags?post=496"}],"curies":[{"name":"wp","href":"https:\/\/api.w.org\/{rel}","templated":true}]}}